{"id":754,"date":"2024-08-05T12:52:18","date_gmt":"2024-08-05T12:52:18","guid":{"rendered":"https:\/\/travelshelper.com\/staging\/?p=754"},"modified":"2026-02-27T10:49:27","modified_gmt":"2026-02-27T10:49:27","slug":"de-bast-bevarade-antika-staderna-skyddade-av-imponerande-murar","status":"publish","type":"post","link":"https:\/\/travelshelper.com\/sv\/magazine\/popular-destinations\/the-best-preserved-ancient-cities-protected-by-impressive-walls\/","title":{"rendered":"B\u00e4st bevarade forntida st\u00e4der: Tidl\u00f6sa muromg\u00e4rdade st\u00e4der"},"content":{"rendered":"<p>I en tid f\u00f6re flyg\u00f6vervakning och digitala gr\u00e4nser var murar inte bara arkitektoniska ingrepp \u2013 de var existentiella krav. Ur sten, svett och en st\u00e4ndig medvetenhet om f\u00f6rg\u00e4nglighet reste sig de stora bef\u00e4stningarna i den antika v\u00e4rlden och var b\u00e5de barri\u00e4rer och deklarationer. De talade om suver\u00e4nitet och bel\u00e4gring, om hantverk och sammanh\u00e5llning. En handfull av dessa muromg\u00e4rdade st\u00e4der har motst\u00e5tt tidens str\u00f6mmar och beh\u00e5llit sin strukturella helhet och symboliska tyngd. Fr\u00e4mst bland dem \u00e4r Dubrovnik, den stenhuggna v\u00e4ktaren p\u00e5 Kroatiens adriatiska kust, vars vallar str\u00e4cker sig \u00f6ver \u00e5rhundraden lika mycket som \u00f6ver terr\u00e4ng.<\/p>\n\n\n\n<h2 class=\"wp-block-heading\">Dubrovnik: Mellan minne och murbruk<\/h2>\n\n\n\n<figure class=\"wp-block-image\"><img decoding=\"async\" src=\"https:\/\/travel-helper.b-cdn.net\/wp-media-folder-travel-s-helper\/wp-content\/uploads\/2024\/08\/Dubrovnik-Croatia.jpg\" alt=\"Dubrovnik-Kroatien\" title=\"Dubrovnik-Kroatien\"\/><\/figure>\n\n\n\n<p>L\u00e5ngt innan staden blev en pr\u00f6vosten f\u00f6r tv-fantasi existerade Dubrovnik som en verklighet som var b\u00e5de vacker och h\u00e5rt ansatt. Dess murar, nu fotograferade av miljontals m\u00e4nniskor, var aldrig dekorativa. De var svar \u2013 strategiska, br\u00e5dskande och kr\u00e4vande. Staden, en g\u00e5ng k\u00e4nd som Ragusa, uppstod p\u00e5 600-talet, en tillflyktsort grundad av dem som flydde Epidaurums f\u00f6rst\u00f6relse. Med tiden blev den en maritim republik av anm\u00e4rkningsv\u00e4rd sofistikering och relativ autonomi, som avledde st\u00f6rre makters ambitioner genom diplomati, handel och den imponerande styrkan hos sina bef\u00e4stningar.<\/p>\n\n\n\n<p>Stadens f\u00f6rsvarssystem \u00e4r en m\u00e4sterklass i f\u00f6r\u00e4nderlig arkitektur, utformad inte i en enda konstruktionsperiod utan \u00f6ver fyra komplexa \u00e5rhundraden \u2013 fr\u00e5n 1200- till 1600-talet. Murarna sj\u00e4lva str\u00e4cker sig n\u00e4stan tv\u00e5 kilometer i omkrets, men denna metrik g\u00f6r deras m\u00e5ngsidiga komplexitet f\u00f6ga r\u00e4ttvisa. Med en h\u00f6jd p\u00e5 upp till 25 meter p\u00e5 landsidan, med en tjocklek p\u00e5 upp till 6 meter l\u00e4ngs kusten, representerar dessa f\u00f6rsvar b\u00e5de funktion och form \u2013 strategiskt ber\u00e4knade, estetiskt sl\u00e5ende.<\/p>\n\n\n\n<p>Murarna, som huvudsakligen byggdes av lokal kalksten som brutits n\u00e4ra Brgat, b\u00e4r inom sitt murbruk en blandning av osannolika ingredienser \u2013 sn\u00e4ckskal, \u00e4ggskal, flodsand och till och med t\u00e5ng. I tider av \u00f6kat hot kr\u00e4vde en medeltida f\u00f6rordning att varje person som gick in i staden skulle b\u00e4ra en sten i proportion till sin storlek, en medborgerlig ritual som s\u00e4ger mycket om gemensam investering i stadens uth\u00e5llighet. Denna blandning av individuell anstr\u00e4ngning med kollektiv n\u00f6dv\u00e4ndighet erbjuder en s\u00e4llsynt och p\u00e5taglig metafor f\u00f6r Dubrovniks \u00f6verlevnad genom tiderna av oro.<\/p>\n\n\n\n<h3 class=\"wp-block-heading\">En stad formad av bel\u00e4gring<\/h3>\n\n\n\n<p>I b\u00f6rjan av 1300-talet b\u00f6rjade murarnas utformning n\u00e4rma sig sin moderna form. \u00c4nd\u00e5 var stadens bef\u00e4stningar aldrig statiska. Varje decennium medf\u00f6rde omv\u00e4rderingar, f\u00f6rst\u00e4rkningar och omkalibreringar, ofta som svar p\u00e5 f\u00f6r\u00e4ndrade milit\u00e4ra teknologier och geopolitiska tidvatten. Det osmanska rikets expansion, s\u00e4rskilt efter Konstantinopels fall 1453 och Bosniens efterf\u00f6ljande fall 1463, formade djupt Dubrovniks defensiva st\u00e4llning. Stadsstaten, v\u00e4l medveten om sin s\u00e5rbarhet, bj\u00f6d in en av ren\u00e4ssansens ledande milit\u00e4ra arkitekter \u2013 Michelozzo di Bartolomeo \u2013 att bef\u00e4sta dess omkrets.<\/p>\n\n\n\n<p>Resultatet blev inte bara en f\u00f6rb\u00e4ttring av befintliga strukturer utan en nytolkning av f\u00f6rsvar som konstform. Sexton torn, sex bastioner, tv\u00e5 kantoner och tre formidabla fort \u2013 Bokar, Sankt Johannes och det ikoniska Min\u010deta-tornet \u2013 antingen uppf\u00f6rdes eller ut\u00f6kades under denna period. F\u00f6rmurar, tre vallgravar, vindbroar och sluttande motartilleriv\u00e4ggar \u00f6kade komplexiteten ytterligare. Varje element fyllde en specifik taktisk funktion. Varje passage \u00f6vervakades. \u00c4ven intr\u00e4det i staden konstruerades f\u00f6r att f\u00f6rsena och f\u00f6rvirra inkr\u00e4ktare, med indirekta v\u00e4gar och flera d\u00f6rrar som kr\u00e4vde navigering innan tilltr\u00e4de beviljades.<\/p>\n\n\n\n<p>Fort Bokar, med sin eleganta halvcirkelformade design, skyddade den s\u00e5rbara v\u00e4stra landporten. I n\u00e4rheten befann sig det frist\u00e5ende Fort Lovrijenac \u2013 placerat p\u00e5 en 37 meter h\u00f6g klippudde \u2013 \u00f6ver havet och bar inskriptionen: Non bene pro toto libertas venditur auro (\u201dFrihet s\u00e4ljs inte f\u00f6r allt guld i v\u00e4rlden\u201d). Denna deklaration, mejslad p\u00e5 latin ovanf\u00f6r fortets ing\u00e5ng, \u00e4r fortfarande inte bara ett medborgerligt motto utan en destillation av Dubrovniks historiska etos.<\/p>\n\n\n\n<h3 class=\"wp-block-heading\">Att vandra l\u00e4ngs v\u00e4ggarna: En present insvept i det f\u00f6rflutna<\/h3>\n\n\n\n<p>Att korsa Dubrovniks murar idag \u00e4r att intr\u00e4da i en m\u00e5ngsidig upplevelse d\u00e4r historien inte \u00e4r innesluten utan blottad \u2013 inb\u00e4ddad i stadens dagliga liv och dess rytmer. Vandringen b\u00f6rjar vanligtvis vid Pileporten och f\u00f6ljer en kontinuerlig slinga som avsl\u00f6jar stadens skelettliknande grundpelare: dess r\u00f6dlertak, det gapande Adriatiska havet bortom, det ordnade kaoset i stengr\u00e4nderna nedanf\u00f6r. Ibland k\u00e4nns havet tillr\u00e4ckligt n\u00e4ra f\u00f6r att man ska kunna vidr\u00f6ra det; andra g\u00e5nger sv\u00e4ller den arkitektoniska t\u00e4theten till en n\u00e4stan h\u00f6rbar tystnad, endast bruten av m\u00e5sar och det d\u00e4mpade ljudet av fotsteg p\u00e5 sliten sten.<\/p>\n\n\n\n<p>P\u00e5 sina st\u00e4llen \u00f6verlappar det f\u00f6rflutna synligt nutiden. Basketbollar studsar mot medeltida murverk p\u00e5 en plan som osannolikt ligger intill vallarna. Kaf\u00e9er upptar sm\u00e5 nischer i torn som en g\u00e5ng var avsedda f\u00f6r b\u00e5gskyttar. Antenner skjuter ut fr\u00e5n 1500-talshus. Fr\u00e5n vissa utsiktsplatser kan man urskilja ett lappt\u00e4cke av takpannor \u2013 vissa solblekta av \u00e5lder, andra i\u00f6gonfallande nya \u2013 som markerar restaureringen efter kriget i Kroatiens frihetskrig 1991\u20131995, under vilket staden \u00e5terigen bel\u00e4grades.<\/p>\n\n\n\n<p>Denna blandning av trauma och ih\u00e4rdighet \u00e4r inte abstrakt. Murarna skadades under konflikten, men tack och lov mindre \u00e4n v\u00e4ntat. Efter kriget samarbetade UNESCO med lokala och internationella organisationer f\u00f6r att genomf\u00f6ra en noggrann restaurering, v\u00e4gledd av historisk dokumentation och material. S\u00e4llskapet f\u00f6r v\u00e4nner av Dubrovniks antikviteter, grundat 1952, forts\u00e4tter att hantera en stor del av stadens bevarande och finansierar sina insatser delvis genom de entr\u00e9avgifter som samlas in fr\u00e5n murarnas bes\u00f6kare.<\/p>\n\n\n\n<h3 class=\"wp-block-heading\">V\u00e4ggar som symbol och struktur<\/h3>\n\n\n\n<p>Medan kriget under 1900-talet l\u00e4mnade fysiska \u00e4rr, v\u00e4ckte det ocks\u00e5 en djupare identifikation med murarna \u2013 inte bara som bef\u00e4stningar, utan som ett slags kulturellt skelett, som f\u00f6rankrar identiteten i en tid av spricka. Deras n\u00e4rvaro \u00e4r fortfarande central f\u00f6r stadens UNESCO-v\u00e4rldsarvsutn\u00e4mning, som tilldelades 1979 och bekr\u00e4ftades under de f\u00f6ljande decennierna trots modern utvecklingspress och massturism.<\/p>\n\n\n\n<p>Att murarna \u00f6verlevde den f\u00f6r\u00f6dande jordb\u00e4vningen 1667 \u2013 som f\u00f6rst\u00f6rde stora delar av staden \u2013 anges ofta som en symbol f\u00f6r strukturell framsynthet och gudomlig \u00f6dmjukhet. Deras skick idag vittnar om ih\u00e5llande vaksamhet. Bevarande har inte bara blivit en medborgerlig plikt utan ett etiskt \u00e5tagande till kontinuitet.<\/p>\n\n\n\n<p>Och \u00e4nd\u00e5, medan deras estetiska v\u00e4rde nu hyllas, var murarnas ursprungliga syfte tydligt. De konstruerades f\u00f6r att skr\u00e4mma och f\u00f6r att best\u00e5. Att de nu fungerar som en av v\u00e4rldens mest ikoniska vandringsleder \u00e4r ett slags historisk ironi \u2013 det som en g\u00e5ng st\u00f6tte bort \u00e4r nu det som lockar.<\/p>\n\n\n\n<h3 class=\"wp-block-heading\">Bortom ytan<\/h3>\n\n\n\n<p>\u00c4ven om globalt erk\u00e4nnande och popul\u00e4rkultur har introducerat Dubrovnik f\u00f6r en bredare publik, kan stadens historia inte reduceras till natursk\u00f6na bakgrunder eller filmiska associationer. Dess historia handlar lika mycket om diplomati som om f\u00f6rsvar, om arkitektonisk briljans smidd under tv\u00e5ng, om medborgerlig stolthet som h\u00e5rt f\u00f6rv\u00e4rvats och omsorgsfullt bevarats.<\/p>\n\n\n\n<p>De som vandrar l\u00e4ngs hela dess murar konsumerar inte bara en estetik \u2013 de deltar, om \u00e4n kort, i en l\u00e5ngvarig vaksamhetsritual. Vid varje sv\u00e4ng skymtar man de val som gjorde det m\u00f6jligt f\u00f6r en stad att \u00f6verleva imperier och ideologier. I de svaga sp\u00e5ren som slitits in i trappor, i den svala skuggan av en tornbas, i det avl\u00e4gsna fladdret av segel mot horisonten \u2013 finns en kontinuitet som trotsar enkel kategorisering.<\/p>\n\n\n\n<p>F\u00f6r Dubrovnik \u00e4r murarna inte bara ett arv. De \u00e4r en vana. En stenbunden artikulering av minne och \u00f6verlevnad. En omfamning, inte av nostalgi, utan av en verklighet som fortfarande kan erbjuda insikt, skydd och \u2013 under klara dagar \u2013 ett perspektiv fritt fr\u00e5n vare sig historia eller horisont.<\/p>\n\n\n\n<h2 class=\"wp-block-heading\">Jerusalem, Israel \u2013 Gudomlighetens och splittringens stenar<\/h2>\n\n\n\n<figure class=\"wp-block-image\"><img decoding=\"async\" src=\"https:\/\/travel-helper.b-cdn.net\/wp-media-folder-travel-s-helper\/wp-content\/uploads\/2024\/08\/Jerusalem-Israel.jpg\" alt=\"Jerusalem-Israel\" title=\"Jerusalem-Israel\"\/><\/figure>\n\n\n\n<p>Om Dubrovniks vallar byggdes som svar p\u00e5 v\u00e4rldsliga hot, s\u00e5 skulpterades Jerusalems murar i samklang med evigheten. Det finns ingen stad p\u00e5 jorden mer omsluten av v\u00f6rdnad och efterklang, mer hems\u00f6kt av sitt eget heliga f\u00f6rflutna och sin motstridiga nutid. H\u00e4r \u00e4r sten inte bara materia \u2013 den \u00e4r metafor, minne och slagf\u00e4lt. Att f\u00f6rst\u00e5 Jerusalems gamla stadsmurar \u00e4r att kliva inte bara in i en geopolitisk matris utan in i en teologisk virvelvind, d\u00e4r varje port omtvistas, varje torn inskrivet med \u00e5rhundraden av l\u00e4ngtan, klagan och arv.<\/p>\n\n\n\n<h3 class=\"wp-block-heading\">En stad som har slitit m\u00e5nga murar<\/h3>\n\n\n\n<p>Jerusalems historia trotsar en linj\u00e4r ber\u00e4ttelse. Det \u00e4r en palimpsest: civilisationer lagrade ovanp\u00e5 varandra likt sediment\u00e4r bergart, d\u00e4r var och en g\u00f6r anspr\u00e5k p\u00e5 herrav\u00e4lde \u00f6ver en stad vars betydelse \u00f6verskrider geografiska gr\u00e4nser. Minst nio stora murar har omringat Jerusalem sedan brons\u00e5ldern, var och en byggd, bruten och \u00e5teruppbyggd med en blandning av fromhet och pragmatism. De nuvarande murarna dateras dock tillbaka till 1500-talet \u2013 en relativt ny utveckling i en stad som \u00e4r mer \u00e4n 3 000 \u00e5r gammal.<\/p>\n\n\n\n<p>Det h\u00e4r \u00e4r murarna som m\u00f6ter pilgrimer, turister och forskare idag. De best\u00e4lldes av den osmanska sultanen Suleiman den Magnificenten och byggdes mellan 1537 och 1541. De str\u00e4cker sig \u00f6ver cirka 4 kilometer, avbrutna av 34 vakttorn och 8 portar, var och en med sin egen symbolik och strategiska syfte. Murarna \u00e4r huvudsakligen konstruerade av Jerusalemkalksten \u2013 blek, por\u00f6s och sj\u00e4lvlysande i solen \u2013 och \u00e4r i genomsnitt 12 meter h\u00f6ga och 2,5 meter tjocka, vilket bildar en v\u00e5gig barri\u00e4r runt den 220 hektar stora Gamla stan.<\/p>\n\n\n\n<p>Suleimans projekt var b\u00e5de religi\u00f6st och politiskt. Efter ottomanernas er\u00f6vring av staden \u00e5r 1517 f\u00f6rs\u00f6kte sultanen st\u00e4rka sin islamiska legitimitet genom att skydda det som muslimer anser vara den tredje heligaste platsen i islam \u2013 Haram al-Sharif, eller den \u00e4dla helgedomen, som inkluderar Klippdomen och al-Aqsamosk\u00e9n. Samtidigt omfamnade han stadens judisk-kristna betydelse, best\u00e4llde reparationer av forntida platser och integrerade tidigare arkitektoniska l\u00e4mningar i de nya murarna. Resultatet \u00e4r en best\u00e5ende och symbolisk omkrets som anspelar p\u00e5 \u00e5rtusenden av er\u00f6vring, f\u00f6rbund och gemenskap.<\/p>\n\n\n\n<h3 class=\"wp-block-heading\">Portar till v\u00e4rldar inom v\u00e4rldar<\/h3>\n\n\n\n<p>Kanske inget annat k\u00e4nnetecken definierar Jerusalems muromg\u00e4rdade topografi som dess portar. Varje ing\u00e5ng \u00e4r en tr\u00f6skel, b\u00e5de bokstavlig och andlig. De utg\u00f6r ett av de mest utm\u00e4rkande elementen i stadens anatomi och var och en ramar in Gamla stan som en helig lins.<\/p>\n\n\n\n<p>Jaffaporten, som leder v\u00e4sterut mot Medelhavet och det moderna Tel Aviv, \u00e4r den huvudsakliga ing\u00e5ngen f\u00f6r de flesta nutida bes\u00f6kare. Den var byggd med en smal g\u00e5ngv\u00e4g f\u00f6r att bromsa potentiella inkr\u00e4ktare, och inrymde en g\u00e5ng en vindbro, men \u00f6ppnar nu upp mot ett livligt sammanfl\u00f6de av kulturer. Den brittiske generalen Edmund Allenby gick ber\u00f6mt in i staden till fots \u00e5r 1917 av respekt f\u00f6r dess helighet, en gest som etsat sig in i b\u00e5de koloniala och lokala minnen.<\/p>\n\n\n\n<p>Damaskus-porten, k\u00e4nd p\u00e5 arabiska som Bab al-Amud (&#034;Pelarporten&#034;), \u00e4r den arkitektoniskt mest utarbetade av de \u00e5tta. Den vetter norrut mot Nablus och Damaskus och har i \u00e5rhundraden varit den ing\u00e5ng som \u00e4r mest intimt f\u00f6rknippad med den palestinska befolkningen. Under den ligger en romersk port och en marknadsgata \u2013 cardo maximus \u2013 lager av bevis p\u00e5 stadens st\u00e4ndiga f\u00f6rnyelse.<\/p>\n\n\n\n<p>Gyllene porten, eller Bab al-Rahma, p\u00e5 den \u00f6stra muren mot Olivberget, \u00e4r kanske den mest teologiskt angel\u00e4gna. Den har varit f\u00f6rseglad sedan medeltiden och \u00e4r i judisk eskatologi kopplad till Messias ankomst och i islamisk tradition till domedagen. Den \u00e4r ocks\u00e5 en symbol f\u00f6r nekad tilltr\u00e4de och messiansk f\u00f6rv\u00e4ntan \u2013 omg\u00e4rdad av b\u00e5de sten och profetia.<\/p>\n\n\n\n<p>Varje port, varje stenvalv, \u00e4r s\u00e5ledes mer \u00e4n en \u00f6ppning \u2013 det \u00e4r en narrativ plats, en historisk tryckpunkt d\u00e4r heligt och profant m\u00f6ts.<\/p>\n\n\n\n<h3 class=\"wp-block-heading\">En st\u00e4rkt tro<\/h3>\n\n\n\n<p>Medan Suleimans murar omsluter den nuvarande Gamla staden, talar tidigare bef\u00e4stningar \u2013 b\u00e5de synliga och underjordiska \u2013 om stadens st\u00e4ndiga f\u00f6rvandlingar. Davids stad, s\u00f6der om de moderna murarna, var k\u00e4rnan i det antika Jerusalem under kung Davids regeringstid runt 900-talet f.Kr. Arkeologiska utgr\u00e4vningar har avsl\u00f6jat tidigare mursystem, vattenkanaler och bastioner fr\u00e5n perioder som str\u00e4cker sig \u00f6ver j\u00e4rn\u00e5ldern till den hellenistiska och hasmoneiska eran.<\/p>\n\n\n\n<p>Herodes den store, den romerske klientkungen k\u00e4nd f\u00f6r sina arkitektoniska ambitioner, byggde massiva st\u00f6dmurar runt det andra templet, vars rester fortfarande st\u00e5r kvar i form av V\u00e4stra muren (HaKotel), den heligaste tillg\u00e4ngliga platsen inom judendomen. H\u00e4r sm\u00e4lter f\u00f6rsvar och andakt samman s\u00f6ml\u00f6st. Muren, trots att den ursprungligen var en del av en tempelbergsplattform, har blivit en best\u00e5ende symbol f\u00f6r andlig uth\u00e5llighet och en plats f\u00f6r b\u00f6n f\u00f6r miljontals m\u00e4nniskor.<\/p>\n\n\n\n<p>Andra l\u00e4mningar, s\u00e5som den f\u00f6rsta muren (som tros dateras till hasmoneiska och herodianska perioder) och den andra muren (byggd av Herodes Agrippa I), bildar lager i den arkeologiska fynden \u2013 vissa blottade, andra begravda under moderna byggnader eller insvepta i religi\u00f6sa k\u00e4nsligheter som begr\u00e4nsar utgr\u00e4vningar. Den tredje muren, som f\u00e4rdigst\u00e4lldes strax f\u00f6re den romerska bel\u00e4gringen \u00e5r 70 e.Kr., markerar en av de mest tragiska kollapserna, det \u00f6gonblick d\u00e5 staden j\u00e4mnades med marken och det andra templet f\u00f6rst\u00f6rdes, vilket satte ig\u00e5ng \u00e5rhundraden av exil och l\u00e4ngtan.<\/p>\n\n\n\n<h3 class=\"wp-block-heading\">Muren som vittne<\/h3>\n\n\n\n<p>Att st\u00e5 p\u00e5 Jerusalems vallar idag \u00e4r att blicka ut \u00f6ver en paradox: ett landskap s\u00e5 heligt att det m\u00e5ste delas, men \u00e4nd\u00e5 s\u00e5 politiserat att det fortfarande \u00e4r bittert omtvistat. Vallarpromenaden, som invigdes p\u00e5 1970-talet, l\u00e5ter bes\u00f6kare vandra l\u00e4ngs stora delar av de osmanska murarna och erbjuder utsikt \u00f6ver det muslimska kvarteret, det judiska kvarteret, det kristna kvarteret och det armeniska kvarteret \u2013 vart och ett med sin egen inre logik, sina egna seder och rytmer.<\/p>\n\n\n\n<p>Fr\u00e5n toppen av muren blandas b\u00f6neutropet med kyrkklockor och sabbatss\u00e5nger. Minareter reser sig bredvid spiror, kupoler reflekterar guld och sol i lika stor utstr\u00e4ckning. H\u00e4r \u00e4r muren inte bara en barri\u00e4r \u2013 den \u00e4r en utsiktspunkt, en p\u00e5minnelse om att n\u00e4rhet inte alltid garanterar fred. Stadens heliga geografi har ofta gett upphov till b\u00e5de v\u00f6rdnad och rivalitet, d\u00e4r samma sten genomsyras av flera sanningar.<\/p>\n\n\n\n<p>Jerusalems mest angel\u00e4gna moderna mur ligger faktiskt inte inom Gamla stan utan i separationsbarri\u00e4ren \u2013 en kontroversiell och imponerande betongstruktur som uppf\u00f6rdes i b\u00f6rjan av 2000-talet. Den skiljer delar av \u00f6stra Jerusalem fr\u00e5n V\u00e4stbanken och f\u00f6rblir en flammpunkt f\u00f6r politisk och m\u00e4nsklig strid. Sammanst\u00e4llningen mellan denna samtida mur och de antika vallarna understryker en stad f\u00e5ngad mellan best\u00e4ndighet och delning, hopp och fientlighet.<\/p>\n\n\n\n<h3 class=\"wp-block-heading\">Bevarande mitt i komplexitet<\/h3>\n\n\n\n<p>Till skillnad fr\u00e5n Dubrovnik, d\u00e4r bevarande till stor del har inneburit \u00e5teruppbyggnad och underh\u00e5ll, inneb\u00e4r bevarandet av Jerusalems murar att navigera i en labyrint av religi\u00f6sa anspr\u00e5k, juridiska jurisdiktioner och internationell granskning. UNESCO:s utn\u00e4mning av Gamla stan och dess murar till v\u00e4rldsarv 1981 \u2013 och dess efterf\u00f6ljande lista som &#034;i fara&#034; 1982 \u2013 \u00e5terspeglar kulturarvets br\u00e4cklighet i en zon av ol\u00f6st konflikt.<\/p>\n\n\n\n<p>\u00c4nd\u00e5 forts\u00e4tter arbetet med att bevara och studera murarna. Israels fornminnesmyndighet har, i samarbete med religi\u00f6sa stiftelser och internationella organ, dokumenterat betydande delar av murens struktur, utf\u00f6rt konserveringsarbeten p\u00e5 portar och torn och utvecklat utbildningsprogram som f\u00f6rs\u00f6ker \u00f6verbrygga splittringar snarare \u00e4n att underbl\u00e5sa dem. \u00c4nd\u00e5 f\u00f6rblir varje sten, till viss del, omtvistad \u2013 en artefakt av b\u00e5de h\u00e4ngivenhet och splittring.<\/p>\n\n\n\n<h3 class=\"wp-block-heading\">Jerusalems best\u00e5ende geometri<\/h3>\n\n\n\n<p>Jerusalems murars genialitet ligger inte i deras h\u00f6jd eller bredd utan i deras symboliska t\u00e4thet. De omfattar inte bara en stad utan en kosmisk karta. F\u00f6r judar representerar muren resterna av ett f\u00f6rst\u00f6rt tempel och en plats f\u00f6r \u00e5rtusenden l\u00e5ng l\u00e4ngtan. F\u00f6r kristna omger den platsen f\u00f6r korsf\u00e4stelsen och uppst\u00e5ndelsen. F\u00f6r muslimer vaktar den plattformen fr\u00e5n vilken Muhammed tros ha stigit upp till himlen.<\/p>\n\n\n\n<p>Dessa \u00e4r inte abstraktioner \u2013 de \u00e4r levande realiteter, inskrivna i b\u00e5de dagliga ritualer och geopolitik. Muren \u00e4r beskyddare, relik, slagf\u00e4lt och spegel. Den \u00e5terspeglar stadens djupaste l\u00e4ngtan och dess skarpaste splittringar.<\/p>\n\n\n\n<p>I en tid d\u00e5 murar \u00f6ver hela v\u00e4rlden ofta byggs av r\u00e4dsla, st\u00e5r Jerusalems murar inte bara kvar som symboler f\u00f6r tro utan ocks\u00e5 som inbjudningar till f\u00f6rsoning \u2013 hur trevande, hur of\u00f6rverkligade de \u00e4n \u00e4r. De p\u00e5minner oss om att historien, n\u00e4r den \u00e4r huggen i sten, inte uppl\u00f6ses utan best\u00e5r och utmanar varje generation att tolka den p\u00e5 nytt.<\/p>\n\n\n\n<h2 class=\"wp-block-heading\">\u00c1vila, Spanien: En medeltida stad bef\u00e4st i sten<\/h2>\n\n\n\n<figure class=\"wp-block-image\"><img decoding=\"async\" src=\"https:\/\/travel-helper.b-cdn.net\/wp-media-folder-travel-s-helper\/wp-content\/uploads\/2024\/08\/Avila-Spain.jpg\" alt=\"Avila-Spanien\" title=\"Avila-Spanien\"\/><\/figure>\n\n\n\n<p>H\u00f6gt uppe p\u00e5 en klippig plats med utsikt \u00f6ver de vidstr\u00e4ckta kastilianska sl\u00e4tterna reser sig \u00c1vila som ett bevis p\u00e5 medeltida ambition och fromhet. Dess bef\u00e4stningar, som p\u00e5b\u00f6rjades under 1000-talets slut, bildar en sammanh\u00e4ngande ring av gyllene granit som str\u00e4cker sig \u00f6ver ungef\u00e4r 2,5 kilometer, punkterad av \u00e5ttio\u00e5tta halvcirkelformade torn. Mer \u00e4n milit\u00e4r arkitektur, fungerar dessa murar som best\u00e5ende symboler f\u00f6r kristen \u00e5terer\u00f6vring och den str\u00e4nga anda som slog rot i deras famn.<\/p>\n\n\n\n<h3 class=\"wp-block-heading\">Ursprung i t\u00e4vling och er\u00f6vring<\/h3>\n\n\n\n<p>De tidigaste stenarna i \u00c1vilas f\u00f6rsvarsverk sattes omkring 1090, n\u00e4r kristna herrar pressade s\u00f6derut mot muslimskt kontrollerade territorier. Byggare br\u00f6t den levande bergarten fr\u00e5n kullen och \u00e5tervann block fr\u00e5n romerska och visigotiska ruiner \u2013 bevis p\u00e5 detta finns kvar i subtila variationer av verktyg och f\u00e4rg. Under efterf\u00f6ljande generationer avancerade murare ringmuren och h\u00f6gg djupa grunder s\u00e5 att terr\u00e4ngen fr\u00e5n dess h\u00f6gre torn sluttar abrupt, en brant sluttning mot f\u00e4lt som en g\u00e5ng burit glesa gr\u00f6dor och betande f\u00e5r.<\/p>\n\n\n\n<p>Enceintes form \u00e4r n\u00e4stan rektangul\u00e4r, dess raka l\u00e4ngder m\u00f6ts i n\u00e5got mjukade h\u00f6rn. L\u00e4ngs dess kr\u00f6n l\u00f6per en br\u00f6stv\u00e4rnsmur av n\u00e4stan 2 500 merloner, vars v\u00e5giga toppar antyder beredskap \u00e4ven efter att nio \u00e5rhundraden har g\u00e5tt. \u00c4ven om krenelleringarna kanske inte l\u00e4ngre tj\u00e4nar sitt ursprungliga syfte, antyder den enhetliga rytmen av ih\u00e5ligt och massivt en stad som st\u00e4ndigt st\u00e5r p\u00e5 vakt.<\/p>\n\n\n\n<h3 class=\"wp-block-heading\">Granit och gravitation: Arkitektonisk majest\u00e4t<\/h3>\n\n\n\n<p>L\u00e5ngt ifr\u00e5n en samling disparata bef\u00e4stningar utg\u00f6r \u00c1vilas murar en sammanh\u00e4ngande komposition. De gyllene granitblocken, av vilka vissa \u00f6verstiger en kubikmeter i storlek, l\u00e5ses samman utan murbruk p\u00e5 sina st\u00e4llen, tack vare sin vikt och precisionsformning. Ringmuren reser sig till en h\u00f6jd av tio till tolv meter i de flesta sektorer, \u00e4ven om tornen str\u00e4cker sig n\u00e5got ovanf\u00f6r den och erbjuder utsiktspunkter f\u00f6r betraktare. Varje torns halvcylindriska form g\u00f6r det m\u00f6jligt f\u00f6r f\u00f6rsvarare att t\u00e4cka blinda vinklar l\u00e4ngs intilliggande murstr\u00e4ckor, vilket skapar sammankopplade observationsf\u00e4lt \u2013 en medeltida f\u00f6reg\u00e5ngare till moderna \u00f6verlappande s\u00e4kerhetssektorer.<\/p>\n\n\n\n<p>Inom denna steniga slinga ligger stadsstrukturen t\u00e4tt an mot f\u00f6rsvarsmurarna. Bost\u00e4der, adliga torn och gudstj\u00e4nstlokaler pressas mot den inre fasaden, och deras bakmurar fungerar \u00e4ven som en andra bef\u00e4stningslinje. Den gotiska katedralen i \u00c1vila, som p\u00e5b\u00f6rjades i b\u00f6rjan av 1100-talet, integreras s\u00f6ml\u00f6st med vallarna: dess absid och kapell st\u00f6ttar yttermuren, deras f\u00f6nster i kyrkog\u00e5rden tittar ut\u00e5t, som om den heliga k\u00f6ren \u00f6var under en orubblig \u00e5sk\u00e5dares blick.<\/p>\n\n\n\n<h3 class=\"wp-block-heading\">Maktens och fromhetens portar<\/h3>\n\n\n\n<p>Nio portar genomsyrar murarnas kretslopp \u2013 var och en en g\u00e5ng bef\u00e4st av fallgaller och vindbrygga, nu reducerade till v\u00e4lvda portar kr\u00f6nta av gotiska valv och flankerade av tvillingtorn. Puerta del Alc\u00e1zar, p\u00e5 \u00f6stra fronten, leder mot platsen f\u00f6r det f\u00f6rsvunna slottet som en g\u00e5ng l\u00e5g uppe p\u00e5 en naturlig utl\u00f6pare. Dess tv\u00e5 kraftiga torn, byggda p\u00e5 1100-talet, f\u00f6rmedlar fortfarande en aura av herrav\u00e4lde; inifr\u00e5n portvaktshuset f\u00f6rde en passage av tunnvalv i sten bes\u00f6kare \u2013 och inkr\u00e4ktare \u2013 direkt till borgen.<\/p>\n\n\n\n<p>P\u00e5 den norra flanken ligger Puerta del Puente, intill en torr vallgrav och en gammal bro. Den h\u00f6ga valven str\u00e4cker sig \u00f6ver v\u00e4gen, dess valvb\u00e5gar str\u00e5lar ut\u00e5t f\u00f6r att m\u00f6ta vakttornen, som sj\u00e4lva \u00e4r utrustade med machicolations f\u00f6r att sl\u00e4ppa projektiler p\u00e5 dem som dr\u00f6jde sig kvar nedanf\u00f6r. Man observerar i dessa drag \u00f6verg\u00e5ngen fr\u00e5n romansk soliditet till gotisk vertikalitet: valven reser sig upp\u00e5t, medan murverksdetaljer blir mer f\u00f6rfinade.<\/p>\n\n\n\n<p>I skymningen under Stilla veckan slingrar sig botf\u00e4rdiga processioner under dessa portaler med ljus. Det fladdrande ljuset mjukar upp granitens nyanser och f\u00f6renar modern andakt med \u00e5rhundraden av h\u00f6gtidlig rit. Deltagarna forts\u00e4tter i tystnad, deras fladdrande ljus ekar det en g\u00e5ng konstanta fackelljuset fr\u00e5n medeltida vakter.<\/p>\n\n\n\n<h3 class=\"wp-block-heading\">Innanf\u00f6r murarna: helgon, l\u00e4rda och inkvisitorer<\/h3>\n\n\n\n<p>\u00c1vilas gator och torg viskar om tv\u00e5 kontrasterande impulser: mystisk kontemplation och institutionell str\u00e4nghet. \u00c5r 1515 f\u00f6ddes Teresa de Cepeda y Ahumada \u2013 senare kanoniserad som Sankta Teresa av \u00c1vila \u2013 i ett av husen som gr\u00e4nsade till vallarna. Hennes mystiska visioner och reformering av karmelitorden v\u00e4xte fram ur barndomsintryck av klosterlig str\u00e4nghet, d\u00e4r de dystra stenarna f\u00f6rst\u00e4rkte en l\u00e4ngtan efter inre klarhet. I hennes skrifter framst\u00e5r murarna b\u00e5de som skydd och utmaning, och p\u00e5minner de troende om sp\u00e4nningen mellan v\u00e4rldslig inst\u00e4ngdhet och andlig frihet.<\/p>\n\n\n\n<p>\u00c5rtionden tidigare, \u00e5r 1486, avlade Tom\u00e1s de Torquemada karmelitl\u00f6ften i \u00c1vila innan han blev spansk generalinkvisitor. Under hans str\u00e4nga ledning expanderade gransknings- och f\u00f6rtrycksinstitutioner \u00f6ver hela Spanien. Hans koppling till \u00c1vila st\u00e5r som en p\u00e5minnelse om att stadens fromma karakt\u00e4r kunde ge upphov till b\u00e5de kontemplativ generositet och tv\u00e5ngsm\u00e4ssig auktoritet.<\/p>\n\n\n\n<h3 class=\"wp-block-heading\">Silhuetter och siktlinjer: Staden i profil<\/h3>\n\n\n\n<p>Sett p\u00e5 avst\u00e5nd verkar \u00c1vila sv\u00e4va p\u00e5 sin steniga sockel. Fr\u00e5n Mirador de los Cuatro Postes, en liten kulle i nordost, bevittnar man det vidstr\u00e4ckta utbredda tornet \u2013 vart och ett reser sig som en oregelbunden upps\u00e4ttning t\u00e4nder mot himlen. Fr\u00e5n denna utsiktspunkt sammanfaller murens kantiga segment i en graci\u00f6s krona, dess torn placerade med intervaller f\u00f6r att ge en rytmisk v\u00e4rdighet. Konstn\u00e4rer har \u00e5tergivit denna profil sedan ren\u00e4ssansen och f\u00e5ngat ljusets spel \u00f6ver graniten n\u00e4r gryningen gryr eller n\u00e4r den nedg\u00e5ende solen penslar br\u00f6stv\u00e4rnet med ros\u00e9guldf\u00e4rgade nyanser.<\/p>\n\n\n\n<p>Kartografer och h\u00e4rolder antog muren som ett medborgerligt emblem, dess krenelerade konturer fungerade som ett sigill f\u00f6r kommunens identitet. P\u00e5 gillesfanor och officiella sigill st\u00e5r tornen i miniatyr och f\u00f6rkunnar \u00c1vilas arv av uth\u00e5llighet.<\/p>\n\n\n\n<h3 class=\"wp-block-heading\">Fr\u00e5n \u00e5terer\u00f6vring till UNESCO<\/h3>\n\n\n\n<p>Efter \u00e5rhundraden av tyst v\u00e4lst\u00e5nd inom dessa bef\u00e4stningar har den moderna eran inneburit nya utmaningar. \u00c5nglok skramlade en g\u00e5ng f\u00f6rbi murarna l\u00e4ngs linjer som kantade staden; senare h\u00f6gg v\u00e4gar bandliknande snitt genom den omgivande sl\u00e4tten. \u00c4nd\u00e5 undkom murarna sj\u00e4lva st\u00f6rre f\u00f6r\u00e4ndringar \u2013 deras bevarande \u00e4r s\u00e5 fullst\u00e4ndigt att UNESCO 1985 skrev in \u00c1vilas gamla stad som ett v\u00e4rldsarv. Utn\u00e4mningen h\u00e4nvisade inte bara till enceintes intakta medeltida plan utan ocks\u00e5 till den exceptionella enheten i struktur och bebyggelse som omgav den.<\/p>\n\n\n\n<p>Turister som n\u00e4rmar sig v\u00e4sterifr\u00e5n beskriver ofta ett \u00f6gonblick av dagdr\u00f6mmar: v\u00e4gen sv\u00e4nger, sl\u00e4tten \u00f6ppnar sig pl\u00f6tsligt, och d\u00e4r, p\u00e5 toppen av dess \u00e5s, st\u00e5r \u00c1vila, en forntida syndaflodsborg upph\u00e4ngd mellan jord och himmel. Denna filmiska uppenbarelse understryker platsens kraft att gripa sinnena, \u00e4ven om den filtreras genom en vindruta.<\/p>\n\n\n\n<h3 class=\"wp-block-heading\">Samtida ritualer och reflektioner<\/h3>\n\n\n\n<p>Idag skyddar r\u00e4cken murens yttre promenadstr\u00e5k, vilket g\u00f6r det m\u00f6jligt f\u00f6r bes\u00f6kare att g\u00e5 hela v\u00e4gen utan r\u00e4dsla f\u00f6r att misslyckas. L\u00e4ngs v\u00e4gen finns sm\u00e5 informationsplaketter som uppm\u00e4rksammar varje torns och ports historiska funktion, vilket inbjuder till reflektion \u00f6ver livet f\u00f6r v\u00e4ktare och bybor som sedan l\u00e4nge f\u00f6rsvunnit. Fr\u00e5n vallarna blickar man \u00f6ver b\u00f6ljande f\u00e4lt och avl\u00e4gsna Sierra Nevada-toppar, och f\u00f6ljer forntida pilgrimsv\u00e4gar mot Santiago de Compostela eller handelsv\u00e4gar som f\u00f6rbinder Toledo med Medelhavet.<\/p>\n\n\n\n<p>I skymningen badar str\u00e5lkastare graniten i varma toner, vilket f\u00f6rst\u00e4rker kontrasten mellan sten och himmel. Fr\u00e5n balkongerna p\u00e5 kullarna och de intima torgen ser lokalbefolkningen hur v\u00e4ggarna gl\u00f6der, en nattlig bekr\u00e4ftelse av \u00c1vilas identitet som &#034;helgonens och stenarnas stad&#034;.<\/p>\n\n\n\n<p>P\u00e5 denna plats m\u00f6ts tro och styrka mot samma axel. V\u00e4ggarna talar inte genom eko \u200b\u200butan genom n\u00e4rvaro \u2013 osminkade, obevekliga, men \u00e4nd\u00e5 genomsyrade av minnen av l\u00f6ften, b\u00e5de milda och str\u00e4nga. F\u00f6r alla som f\u00e4rdas l\u00e4ngs deras l\u00e4ngd, vare sig i levande ljus eller i middagssol, erbjuder dessa massiva stenar ett tyst r\u00e5d: att uth\u00e5llighet, liksom h\u00e4ngivenhet, kr\u00e4ver b\u00e5de st\u00e5ndaktighet och n\u00e5d.<\/p>\n\n\n\n<h2 class=\"wp-block-heading\">Cartagena, Colombia: A Bastion Against Buccaneers<\/h2>\n\n\n\n<figure class=\"wp-block-image\"><img decoding=\"async\" src=\"https:\/\/travel-helper.b-cdn.net\/wp-media-folder-travel-s-helper\/wp-content\/uploads\/2024\/08\/Cartagena-Colombia.jpg\" alt=\"Cartagena-Colombia\" title=\"Cartagena-Colombia\"\/><\/figure>\n\n\n\n<p>Cartagena de Indias uppstod p\u00e5 den karibiska kusten \u00e5r 1533, med grunden lagd p\u00e5 sp\u00e5r av inhemska bos\u00e4ttningar som l\u00e4nge f\u00f6regick den spanska ankomsten. Fr\u00e5n det \u00f6gonblick d\u00e5 guvern\u00f6r Pedro de Heredia skickade kolonister till denna naturliga hamn var stadens \u00f6de bundet till den transatlantiska handelns ebb och flod. Guld och silver avsett f\u00f6r Sevilla fl\u00f6dade genom dess kajer, och kryddor, textilier och f\u00f6rslavade folk samlades p\u00e5 en marknad med h\u00f6ga insatser. Inom \u00e5rtionden hade Cartagena blivit en av kronans viktigaste utposter i Amerika \u2013 en stad vars v\u00e4lst\u00e5nd inbj\u00f6d till obeveklig aggression.<\/p>\n\n\n\n<h3 class=\"wp-block-heading\">Att utforma ointagliga f\u00f6rsvar<\/h3>\n\n\n\n<p>I b\u00f6rjan av 1600-talet konfronterade spanska milit\u00e4rarkitekter verkligheten att rikedom isolerad p\u00e5 en platt halv\u00f6 kr\u00e4vde ett robust skydd. Crist\u00f3bal de Roda och Antonio de Ar\u00e9valo framtr\u00e4dde som tv\u00e5 av de fr\u00e4msta ingenj\u00f6rerna som f\u00f6rfinade ett f\u00e4stningsn\u00e4tverk som skulle komma att definiera stadens siluett. Deras arbete utvecklades gradvis under 1600- och 1700-talen, varje framsteg informerades av m\u00f6ten med b\u00e5de engelska kapare och franska sj\u00f6r\u00f6vare.<\/p>\n\n\n\n<p>Ungef\u00e4r elva kilometer l\u00e5nga, sju mil tjocka stenmurar omger nu den historiska k\u00e4rnan. Dessa vallar str\u00e4cker sig i avv\u00e4gda etapper fr\u00e5n Cerro de la Popa \u2013 en skogskl\u00e4dd kulle kr\u00f6nt av ett 1600-talskloster \u2013 till den oregelbundna strandlinjen d\u00e4r skepp en g\u00e5ng v\u00e4ntade under hot fr\u00e5n kanoner.<\/p>\n\n\n\n<p>Varje bastion b\u00e4r namnet p\u00e5 ett helgon eller en drottning; halvbastioner och ringmurar \u00e4r vinklade exakt f\u00f6r att avleda fiendens artilleris j\u00e4rnskott. \u00c4ven portar var t\u00e4nkta inte bara som tr\u00f6sklar utan som defensiva hinder: Puerta del Reloj, en g\u00e5ng den viktigaste klockporten, och Vattenporten, konstruerad f\u00f6r att sl\u00e4ppa in f\u00e4rska f\u00f6rn\u00f6denheter direkt fr\u00e5n viken, st\u00e5r kvar som stenvakter fr\u00e5n svunna tider.<\/p>\n\n\n\n<p>Under l\u00e5ga valv till\u00e4t t\u00e4ckta bakmurar trupperna att r\u00f6ra sig osedda l\u00e4ngs murarna. Vid havsniv\u00e5 bildade undervattensvallar och v\u00e5gbrytare en undervattensbarri\u00e4r som st\u00f6rde fientliga fartyg innan de kunde ankra.<\/p>\n\n\n\n<h3 class=\"wp-block-heading\">Eldprov: Bel\u00e4gringen 1741<\/h3>\n\n\n\n<p>N\u00e4tverkets st\u00f6rsta pr\u00f6vning kom 1741, n\u00e4r amiral Edward Vernon ledde en flotta p\u00e5 n\u00e4stan tv\u00e5 dussin krigsskepp, \u00e5tf\u00f6ljda av tusentals trupper, mot stadsmurarna. I m\u00e5nader hamrade brittiska kanoner p\u00e5 det tjocka murverket medan anfallsgrupper unders\u00f6kte varje angreppsv\u00e4g. \u00c4nd\u00e5 stod f\u00f6rsvararna fast, deras beslutsamhet lika orubblig som stenen under deras f\u00f6tter. I efterdyningarna d\u00f6pte Cartagenas inv\u00e5nare sitt hem till &#034;La Heroica&#034;, ett namn som har best\u00e5tt genom krig, revolution och fred.<\/p>\n\n\n\n<h3 class=\"wp-block-heading\">Den slutna stadens arkitektur<\/h3>\n\n\n\n<p>Inom dessa murar avviker den urbana strukturen fr\u00e5n de europeiska f\u00e4stningarnas str\u00e4nghet. Andalusiskt inflytande tar sig uttryck i \u00f6verh\u00e4ngande tr\u00e4balkonger, d\u00e4r varje snidad konsol st\u00f6der terrasser m\u00e5lade i mjuka pasteller. Smala gr\u00e4nder slingrar sig mellan fasader i korall, solrosgult och puderbl\u00e5tt.<\/p>\n\n\n\n<p>Bakom massiva d\u00f6rrar presenterar g\u00e5rdar inramade vinjetter: font\u00e4ner som mumlar bland tropiska planteringar, bougainvillea som draperar stenkolonnader och doften av nybryggt kaffe som dr\u00f6jer sig kvar i den varma luften. Spansk-koloniala kyrkor pryder solbelysta torg, deras portaler inlagda med tr\u00e4 och inramade av l\u00e5ga valv. P\u00e5 upph\u00f6jda gallerier som en g\u00e5ng var fyllda med musk\u00f6ter, skymtar bes\u00f6kare idag havsvidder och de sj\u00f6fartskanaler som en g\u00e5ng utgjorde hot mot stranden.<\/p>\n\n\n\n<h3 class=\"wp-block-heading\">Minnesmonument<\/h3>\n\n\n\n<p>H\u00e4r och d\u00e4r p\u00e5minner brons och sten f\u00f6rbipasserande om personer som format Cartagenas historia. Amiral Blas de Lezo st\u00e5r vakt p\u00e5 toppen av en bastion, ett or\u00f6rligt vittne till sina egna bedrifter n\u00e4r han avv\u00e4rjde brittiska angrepp. Lokala murar \u00e4r v\u00e4rdar f\u00f6r livfulla v\u00e4ggm\u00e5lningar m\u00e5lade under senare \u00e5r, d\u00e4r varje penseldrag hyllar stadens syntes av inhemska, afrikanska och europeiska kulturer. Dessa konstverk dyker ov\u00e4ntat upp under v\u00e4lvda valv och ger samtida r\u00f6ster en plats bredvid kolonial sten.<\/p>\n\n\n\n<h3 class=\"wp-block-heading\">Fr\u00e5n br\u00f6stv\u00e4rn till boulevarder<\/h3>\n\n\n\n<p>Medan eftermiddagsljuset mjukar upp v\u00e4ggarnas toppar till silvergr\u00e5tt, sv\u00e4nger pelikaner n\u00e4ra fiskare som kastar n\u00e4t fr\u00e5n gamla vallar. Musik driver fr\u00e5n balkongerna \u2013 toner av cumbia och champeta blandas med viskningen av passadvindar. UNESCO erk\u00e4nde denna levande arkitektur 1984 och kr\u00e4vde att varje reparation ska respektera originalmaterial och tekniker. Kalkmurbruk matchas noggrant; spruckna kvaderblock ers\u00e4tts f\u00f6rst efter att hantverkare har konsulterat arkivritningar. En daglig inspektionsregim s\u00e4kerst\u00e4ller att varje bastion f\u00f6rblir strukturellt sund, en praxis som \u00e4r lika rutinm\u00e4ssig nu som den var br\u00e5dskande f\u00f6r \u00e5rhundraden sedan.<\/p>\n\n\n\n<p>Trots esplanadens milit\u00e4ra ursprung har strandpromenaden blivit en plats f\u00f6r avkoppling. Par promenerar under graci\u00f6sa palmblad; joggare uppr\u00e4tth\u00e5ller en stadig rytm l\u00e4ngs vattnet. Kaf\u00e9er kantar tidigare paradplatser, d\u00e4r barn jagar varandra ist\u00e4llet f\u00f6r kanonkulor, och f\u00e4rgglada paraplyer skuggar shoppare som bl\u00e4ddrar i hantverk. D\u00e4r d\u00e5net av kanoner en g\u00e5ng dominerade, r\u00e5der nu familjernas skratt och klirret av kaffekoppar.<\/p>\n\n\n\n<h3 class=\"wp-block-heading\">Den moderna tr\u00f6skeln<\/h3>\n\n\n\n<p>Bortom vallarna reser sig Cartagenas moderna siluett i st\u00e5l och glas. Kryssningsfartyg l\u00e4gger till i hamnen bredvid bleknande koloniala pirer. En motorv\u00e4gstunnel borrad under en bastion f\u00f6rbinder Gamla stan med de glansiga h\u00f6ghusen Bocagrande och Manga. Denna underjordiska passage \u2013 en eftergift till 2000-talets trafik \u2013 passerar osynligt under \u00e5rhundraden gammal sten, ett bevis p\u00e5 stadens f\u00f6rm\u00e5ga att anpassa sig. Kontrasten mellan tidsperioderna \u00e4r fortfarande p\u00e5taglig: pastellf\u00e4rgade hus med sina tr\u00e4galler och blomsterprydda balkonger st\u00e5r mot bakgrund av moderna bostadsr\u00e4ttstorn.<\/p>\n\n\n\n<h3 class=\"wp-block-heading\">Heliga rum och samh\u00e4llsliv<\/h3>\n\n\n\n<p>Innanf\u00f6r murarna forts\u00e4tter varje torg och kyrka att tj\u00e4na sitt ursprungliga syfte. Katedralen Santa Catalina, som f\u00e4rdigst\u00e4lldes 1612, har dubbla spiror ovanf\u00f6r Plaza Bol\u00edvar. 1600-talets murare formade dess kalkstensfasader, och moderna gudstj\u00e4nstbes\u00f6kare g\u00e5r fortfarande uppf\u00f6r dess breda trappor f\u00f6r att delta i m\u00e4ssan. I n\u00e4rheten ligger stadens administrativa kontor i restaurerade koloniala herrg\u00e5rdar, deras rum m\u00f6blerade med portr\u00e4tt och kartor som \u00e5terger tidigare bel\u00e4gringar. Marknadsst\u00e5nd str\u00e4cker sig ut \u00f6ver angr\u00e4nsande torg, d\u00e4r lokala f\u00f6rs\u00e4ljare s\u00e4ljer nyrostade kaffeb\u00f6nor och fl\u00e4tade korgar.<\/p>\n\n\n\n<h3 class=\"wp-block-heading\">Bevarande och l\u00f6fte<\/h3>\n\n\n\n<p>F\u00f6rvaltning av Cartagenas bef\u00e4stningar kr\u00e4ver vaksamhet och expertis. Nyligen genomf\u00f6rda restaureringsinsatser har \u00e5tg\u00e4rdat v\u00e4derbitet murverk och stabiliserat sp\u00e4nningssprickor. Kalkbaserade murbruk, formulerade enligt tidsenliga recept, ers\u00e4tter moderna cementtyper som annars skulle kunna \u00e4ventyra murarnas integritet. Ingenj\u00f6rer anv\u00e4nder skanningsteknik f\u00f6r att uppt\u00e4cka h\u00e5lrum i jorden under vallarna. Deras m\u00e5l f\u00f6rblir konstant: att s\u00e4kerst\u00e4lla att framtida generationer upplever samma p\u00e5tagliga koppling till historien som dagens inv\u00e5nare och bes\u00f6kare har.<\/p>\n\n\n\n<p>Vid solnedg\u00e5ngen inramar de gamla murarna en himmel strimmad av rosa och b\u00e4rnstensf\u00e4rgade nyanser. Karibien bortom ligger lugn, dess vatten \u00e5terspeglar l\u00f6ftet om en annan dag. En g\u00e5ng byggda f\u00f6r att avv\u00e4rja inkr\u00e4ktare, omfamnar vallarna nu en stad i samklang med b\u00e5de minne och f\u00f6rvandling. Cartagena de Indias st\u00e5r kvar som ett bevis p\u00e5 m\u00e4nsklig uppfinningsrikedom \u2013 dess stenbef\u00e4stningar vakar \u00f6ver ett samh\u00e4lle som har l\u00e4rt sig att forma f\u00f6r\u00e4ndring utan att \u00f6verge det f\u00f6rflutna.<\/p>\n\n\n\n<h2 class=\"wp-block-heading\">Carcassonne, Frankrike: En medeltida stad bef\u00e4st i sten<\/h2>\n\n\n\n<figure class=\"wp-block-image\"><img decoding=\"async\" src=\"https:\/\/travel-helper.b-cdn.net\/wp-media-folder-travel-s-helper\/wp-content\/uploads\/2024\/08\/Carcassonne-France.jpg\" alt=\"Carcassonne-Frankrike\" title=\"Carcassonne-Frankrike\"\/><\/figure>\n\n\n\n<p>I Languedocs b\u00f6ljande kullar st\u00e5r Carcassonne som en sagolik citadell, en dubbel ring av murar som f\u00f6rtrollar \u00f6gat. Men bakom det f\u00f6rtrollande ansiktet d\u00f6ljer sig en karg historia. Kullens topp bef\u00e4stes redan under romartiden och blev senare ett f\u00e4ste f\u00f6r visigoterna. Under medeltiden v\u00e4xte den till en av s\u00f6dra Frankrikes st\u00f6rsta citadeller.<\/p>\n\n\n\n<h3 class=\"wp-block-heading\">Staden Carcassonne: En f\u00e4stning omtolkad<\/h3>\n\n\n\n<p>Den nuvarande medeltida muromg\u00e4rdade staden, k\u00e4nd som Cit\u00e9 de Carcassonne, dateras till stor del fr\u00e5n 1200-talet. Dess kalkstensrid\u00e5er str\u00e4cker sig cirka tre kilometer, punkterade av femtiotv\u00e5 torn i olika former. Inom denna ring ligger Ch\u00e2teau Comtal (grevarnas slott) och basilikan Saint-Nazaire \u2013 en gotisk-romansk kyrka vars absid \u00e4r inbyggd i sj\u00e4lva muren.<\/p>\n\n\n\n<h3 class=\"wp-block-heading\">Lager av f\u00f6rsvar och arkitektur<\/h3>\n\n\n\n<p>Yttermuren omsluter den nedre borgg\u00e5rden, som en g\u00e5ng skyddades av en vallgrav och en vindbro. Mellan murarna st\u00e5r f\u00f6rst\u00e4rkta portar som Pont Vieux, den gamla bron, en g\u00e5ng stadens enda ing\u00e5ng, som f\u00f6rbinder f\u00e4stningen ovanf\u00f6r med Bastide Saint-Louis nedanf\u00f6r. Ett femtiotal torn utm\u00e4rker vallarna, m\u00e5nga h\u00f6jdes till h\u00f6ga spetsiga tak under restaureringen p\u00e5 1800-talet. Deras koniska skiffertak ger Carcassonne dess sagolika silhuett.<\/p>\n\n\n\n<h3 class=\"wp-block-heading\">Fr\u00e5n vakttorn till g\u00e5ngv\u00e4gar<\/h3>\n\n\n\n<p>\u00c4ven om de \u00e4r romantiskt utformade f\u00f6r moderna \u00f6gon, kr\u00f6ner dessa tak de kraftiga stentorn som en g\u00e5ng kryllade av v\u00e4ktare. Fr\u00e5n vissa utsiktspunkter \u2013 till exempel fr\u00e5n Herrig- \u200b\u200beller Ch\u00e2teau-tornen \u2013 blickar man ut \u00f6ver de omgivande sl\u00e4tterna eller ner p\u00e5 de r\u00f6da tegelpannorna och korsvirkeshusen nedanf\u00f6r. Cit\u00e9s dubbla murar och torn skapar en bikakeformad f\u00f6rsvarsstruktur, som om den vaktar en hemlighet som bara himlen kan se.<\/p>\n\n\n\n<h3 class=\"wp-block-heading\">1800-talets v\u00e4ckelse: Viollet-le-Ducs vision<\/h3>\n\n\n\n<p>\u00c4nd\u00e5 ser Carcassonne ut s\u00e5 h\u00e4r idag bara tack vare 1800-talets vision\u00e4rers h\u00e4ngivenhet. Vid den tiden hade den medeltida staden fallit i ruiner och delar hade \u00f6vergivits eller anv\u00e4nts f\u00f6r mindre \u00e4dla syften. Det kr\u00e4vdes f\u00f6rfattaren Victor Hugos och arkitekten Eug\u00e8ne Viollet-le-Ducs passion f\u00f6r att r\u00e4dda den.<\/p>\n\n\n\n<p>Fr\u00e5n och med 1853 byggde Viollet-le-Duc om n\u00e4stan varenda torn, v\u00e4gg och tak, ofta med hj\u00e4lp av gissningar v\u00e4gledda av gotisk stil. Kritiker har h\u00e4vdat att han romantiserade det f\u00f6rflutna och gjorde Carcassonne mer till ett slott \u00e4n det en g\u00e5ng var. \u00c4nd\u00e5 har restaureringen \u2013 som fortsatte in i b\u00f6rjan av 1900-talet \u2013 blivit en milstolpe i bevarandehistorien.<\/p>\n\n\n\n<h3 class=\"wp-block-heading\">UNESCO-erk\u00e4nnande och best\u00e5ende arv<\/h3>\n\n\n\n<p>Vid slutet av denna kampanj hade n\u00e4stan varje f\u00f6rfallet torn reparerats, den leriga vallgraven dr\u00e4nerats och murarna gjorts vattent\u00e4ta. UNESCO beskrev senare Carcassonne som ett enast\u00e5ende exempel p\u00e5 en bef\u00e4st medeltida stad. Dess stenar, trots att de \u00e5terupplivades under idealistiska h\u00e4nder, fungerar som en bevarad l\u00e4robok i medeltida milit\u00e4rarkitektur.<\/p>\n\n\n\n<h3 class=\"wp-block-heading\">Carcassonnes kulturella och strategiska betydelse<\/h3>\n\n\n\n<p>Carcassonnes kulturella aura \u00e4r rik p\u00e5 olika lager. Under 1100- och 1200-talen var det en katarisk bastion bel\u00e4grad av korsfarare; trubadurer sj\u00f6ng en g\u00e5ng under dess murar. Under fransk kunglig kontroll f\u00f6rblev f\u00e4stningen en strategisk gr\u00e4ns vid Frankrikes utkant mot Spanien.<\/p>\n\n\n\n<h3 class=\"wp-block-heading\">Festivaler, traditioner och Canal du Midi<\/h3>\n\n\n\n<p>Men Carcassonne inspirerade ocks\u00e5 till mer stillsamma traditioner. Dess medeltida f\u00f6rflutna \u00e5terupplivas varje \u00e5r i festivaler med riddare, b\u00e5gskytte och trubadurer. I n\u00e4rheten ligger Canal du Midi (f\u00e4rdigst\u00e4lld 1681) som f\u00f6r med sig ett band av lugnt vatten och pr\u00e5mar till foten av kullen och f\u00f6rbinder Carcassonne med dragv\u00e4gar till Toulouse och vidare, precis som den har gjort i \u00e5rhundraden.<\/p>\n\n\n\n<h3 class=\"wp-block-heading\">Bastide Saint-Louis: Nedre delen av staden blomstrar<\/h3>\n\n\n\n<p>P\u00e5 andra sidan Pont Vieux ligger Bastide Saint-Louis, en stad med ett rutn\u00e4t som grundades 1260 av kung Ludvig IX. Med sin egen katedral och \u00f6ppna marknader visar Bastide att livet utanf\u00f6r citadellmurarna s\u00e5 sm\u00e5ningom ocks\u00e5 blomstrade. Tillsammans vittnar den gamla och den nya staden om att Carcassonnes historia inte slutade under medeltiden.<\/p>\n\n\n\n<h3 class=\"wp-block-heading\">Ett levande monument \u00f6ver historien<\/h3>\n\n\n\n<p>Idag \u00e4r Carcassonne b\u00e5de en levande stad och en v\u00e4rdefull relik. Inom sj\u00e4lva Cit\u00e9n \u00e5terst\u00e5r bara ett litet samh\u00e4lle \u2013 familjer, butiksinnehavare och museiguider som uppr\u00e4tth\u00e5ller det dagliga livet i f\u00e4stningen. De minglar med v\u00e5gor av bes\u00f6kare som kl\u00e4ttrar uppf\u00f6r vallarna eller vandrar i kullerstensgatorna. Den nedre delen av staden sjuder av modern handel, men i Cit\u00e9n verkar det f\u00f6rflutna alltid vara n\u00e4rvarande.<\/p>\n\n\n\n<h3 class=\"wp-block-heading\">En plats d\u00e4r tiden st\u00e5r stilla<\/h3>\n\n\n\n<p>I tysta stunder \u2013 i gryningen n\u00e4r himlen f\u00e4rgas rosa \u00f6ver tornen, eller i skymningen n\u00e4r de lyktupplysta v\u00e4ggarna gl\u00f6der \u2013 k\u00e4nner man \u00e5rhundradena destillera runt stenen. Varje bes\u00f6kare l\u00e4gger ett fotsteg till dess eko. Carcassonnes murar h\u00e5ller sin vaka: inte som en temapark, utan som ett bevis p\u00e5 kontinuitet. De p\u00e5minner oss om att historia kan vandras, och att m\u00e4nniskor idag fortfarande kan r\u00f6ra vid samma stenar som formade ett imperium.<\/p>\n\n\n\n<h2 class=\"wp-block-heading\">Slutsats: V\u00e4ktare av kulturarv<\/h2>\n\n\n\n<p>\u00d6ver kontinenter och \u00e5rhundraden talar de muromg\u00e4rdade st\u00e4derna Dubrovnik, Jerusalem, \u00c1vila, Cartagena och Carcassonne med sin egen r\u00f6st om motst\u00e5ndskraft och arv. Deras murar har pr\u00f6vats av krig, v\u00e4der och tid, men f\u00f6rblir \u00e4nd\u00e5 definierande gr\u00e4nser mellan stad och land, d\u00e5tid och nutid. Varje mur \u00e4r en tyst vaktpost \u2013 en kr\u00f6nika om m\u00e4nsklig uppfinningsrikedom och \u00f6verlevnad skriven i sten.<\/p>\n\n\n\n<p>\u00c4ven om dessa vallar inte l\u00e4ngre fungerar som prim\u00e4ra milit\u00e4ra f\u00f6rsvar, \u00e4r deras former och stenar st\u00e4ndigt n\u00e4rvarande i det dagliga livet. Inom dem forts\u00e4tter lager av religi\u00f6s tro, medborgerlig stolthet och kulturellt minne att utvecklas. Turister och pilgrimer kliver genom samma portar som kungligheter och k\u00f6pm\u00e4n en g\u00e5ng gjorde; firanden och b\u00f6ner idag p\u00e5minner om svunna tider. Lokala f\u00f6rvaltare, ofta med hj\u00e4lp av kulturarvsmyndigheter, str\u00e4var efter att balansera bevarande med levande kulturarv och s\u00e4kerst\u00e4ller att dessa forntida f\u00e4sten f\u00f6rblir levande, inte bara museif\u00f6rem\u00e5l.<\/p>\n\n\n\n<p>Det som i slut\u00e4ndan best\u00e5r i dessa st\u00e4der \u00e4r dialogen mellan sten och ber\u00e4ttelse. Varje stadsport, torn eller krenelering ber\u00e4ttar om imperiernas korsv\u00e4gar eller den stilla landsbygdens motst\u00e5ndskraft. De p\u00e5minner oss om att \u00e4ven n\u00e4r tiderna f\u00f6r\u00e4ndras kan en stads konturer f\u00f6ra dess historia fram\u00e5t. Vid dagens slut, n\u00e4r solen g\u00e5r ner bakom dessa vallar och skuggorna blir l\u00e4ngre p\u00e5 gatorna inomhus, h\u00f6r man n\u00e4stan tids\u00e5ldrarna viska i vinden.<\/p>\n\n\n\n<p>Fr\u00e5n Dubrovniks adriatiska h\u00f6jder till Jerusalems heliga g\u00e5rdar, fr\u00e5n \u00c1vilas murar till Cartagenas tropiska horisont och Carcassonnes medeltida vallar, f\u00f6rblir m\u00e4nsklighetens forntida muromg\u00e4rdade st\u00e4der kraftfulla symboler. De st\u00e5r inte bara som reliker av f\u00f6rsvar, utan som v\u00e4ktare av arv \u2013 eviga vittnen till \u00e5rhundradenas g\u00e5ng.<\/p>\n\n\n\n<p><strong>Tidslinje f\u00f6r byggandet och viktiga historiska h\u00e4ndelser:<\/strong><\/p>\n\n\n\n<figure class=\"wp-block-table\"><table class=\"has-fixed-layout\"><thead><tr><th>Stad<\/th><th>Period med st\u00f6rre murbyggnationer<\/th><th>Viktiga historiska h\u00e4ndelser relaterade till staden och dess murar<\/th><\/tr><\/thead><tbody><tr><td><strong>Dubrovnik<\/strong><\/td><td>1200- och 1600-talen<\/td><td>Grundandet p\u00e5 600-talet; Uppkomsten som Republiken Ragusa; Osmanska och venetianska hot som ledde till f\u00f6rst\u00e4rkning av muren; jordb\u00e4vningen 1667; Kroatiens frihetskrig (1990-talet) och efterf\u00f6ljande restaurering.<\/td><\/tr><tr><td><strong>Jerusalem<\/strong><\/td><td>1500-talet (Osmanska riket)<\/td><td>Forntida bef\u00e4stningar fr\u00e5n kanaaneisk tid; er\u00f6vring av olika imperier (babyloniska, romerska, bysantinska, korsfarar-, mamlukiska); ottomanskt byggande 1535-1542; indelning i kvarter under 1800-talet; sexdagarskriget (1967).<\/td><\/tr><tr><td><strong>\u00c1vila<\/strong><\/td><td>1100- och 1300-talen<\/td><td>Grundad p\u00e5 1100-talet f\u00f6r att skydda mot morerna; Konflikt mellan Kastilien och Le\u00f3n; Anv\u00e4ndes f\u00f6r ekonomisk kontroll och h\u00e4lsos\u00e4kerhet p\u00e5 1500-talet; F\u00f6rsvar under fransk ockupation och Carlistkrigen; Uts\u00e5gs till UNESCO:s v\u00e4rldsarvslista 1985.<\/td><\/tr><tr><td><strong>Carcassonne<\/strong><\/td><td>Romartiden \u2013 1200-talet<\/td><td>Romersk bef\u00e4stning omkring 100 f.Kr.; Visigotisk och saracensk ockupation; Centrum f\u00f6r katarismen under det albigensiska korst\u00e5get; Blev kunglig f\u00e4stning 1247; Misslyckades med att intas under hundra\u00e5rskriget; F\u00f6rlorade milit\u00e4r betydelse 1659; Restaurering av Viollet-le-Duc p\u00e5 1800-talet; Upptagen p\u00e5 UNESCOs v\u00e4rldsarvslista 1997; St\u00f6rre restaurering slutf\u00f6rd 2024.<\/td><\/tr><\/tbody><\/table><\/figure>","protected":false},"excerpt":{"rendered":"<p>Exakt byggda f\u00f6r att vara den sista skyddslinjen f\u00f6r historiska st\u00e4der och deras folk, massiva stenmurar \u00e4r tysta vaktposter fr\u00e5n en svunnen tid. \u00c4ven om m\u00e5nga antika st\u00e4der har gett efter f\u00f6r tidens tand, har n\u00e5gra \u00f6verlevt och deras ruiner ger ett fascinerande f\u00f6nster in i det f\u00f6rflutna f\u00f6r b\u00e5de m\u00e4nniskor och turister. Var och en av dessa fantastiska st\u00e4der, omgivna av hisnande murar, har med r\u00e4tta hittat en plats p\u00e5 Unescos uppskattade v\u00e4rldsarvslista.<\/p>","protected":false},"author":1,"featured_media":3173,"comment_status":"open","ping_status":"open","sticky":false,"template":"","format":"standard","meta":{"_eb_attr":"","footnotes":""},"categories":[12,5],"tags":[31],"class_list":{"0":"post-754","1":"post","2":"type-post","3":"status-publish","4":"format-standard","5":"has-post-thumbnail","7":"category-popular-destinations","8":"category-magazine","9":"tag-most-popular"},"_links":{"self":[{"href":"https:\/\/travelshelper.com\/sv\/wp-json\/wp\/v2\/posts\/754","targetHints":{"allow":["GET"]}}],"collection":[{"href":"https:\/\/travelshelper.com\/sv\/wp-json\/wp\/v2\/posts"}],"about":[{"href":"https:\/\/travelshelper.com\/sv\/wp-json\/wp\/v2\/types\/post"}],"author":[{"embeddable":true,"href":"https:\/\/travelshelper.com\/sv\/wp-json\/wp\/v2\/users\/1"}],"replies":[{"embeddable":true,"href":"https:\/\/travelshelper.com\/sv\/wp-json\/wp\/v2\/comments?post=754"}],"version-history":[{"count":0,"href":"https:\/\/travelshelper.com\/sv\/wp-json\/wp\/v2\/posts\/754\/revisions"}],"wp:featuredmedia":[{"embeddable":true,"href":"https:\/\/travelshelper.com\/sv\/wp-json\/wp\/v2\/media\/3173"}],"wp:attachment":[{"href":"https:\/\/travelshelper.com\/sv\/wp-json\/wp\/v2\/media?parent=754"}],"wp:term":[{"taxonomy":"category","embeddable":true,"href":"https:\/\/travelshelper.com\/sv\/wp-json\/wp\/v2\/categories?post=754"},{"taxonomy":"post_tag","embeddable":true,"href":"https:\/\/travelshelper.com\/sv\/wp-json\/wp\/v2\/tags?post=754"}],"curies":[{"name":"wp","href":"https:\/\/api.w.org\/{rel}","templated":true}]}}